{"id":354,"date":"2024-12-08T23:10:35","date_gmt":"2024-12-09T02:10:35","guid":{"rendered":"https:\/\/graduacao.uel.br\/medicina\/?p=354"},"modified":"2024-12-08T23:10:35","modified_gmt":"2024-12-09T02:10:35","slug":"dezembro-vermelho-a-luta-contra-o-hiv-aids-e-ists","status":"publish","type":"post","link":"https:\/\/graduacao.uel.br\/medicina\/sem-categoria\/2024\/12\/08\/dezembro-vermelho-a-luta-contra-o-hiv-aids-e-ists\/","title":{"rendered":"Dezembro Vermelho: A Luta Contra o HIV\/Aids e ISTs"},"content":{"rendered":"\n<figure class=\"wp-block-image size-full is-resized\"><img loading=\"lazy\" decoding=\"async\" width=\"750\" height=\"458\" src=\"https:\/\/graduacao.uel.br\/medicina\/wp-content\/uploads\/2024\/12\/image.png\" alt=\"\" class=\"wp-image-355\" style=\"width:822px;height:auto\" srcset=\"https:\/\/graduacao.uel.br\/medicina\/wp-content\/uploads\/2024\/12\/image.png 750w, https:\/\/graduacao.uel.br\/medicina\/wp-content\/uploads\/2024\/12\/image-300x183.png 300w\" sizes=\"auto, (max-width: 750px) 100vw, 750px\" \/><\/figure>\n\n\n\n<p>O m\u00eas de <strong>Dezembro Vermelho<\/strong> \u00e9 uma data importante no calend\u00e1rio nacional, dedicada \u00e0 mobiliza\u00e7\u00e3o e conscientiza\u00e7\u00e3o sobre a luta contra o HIV\/Aids e outras Infec\u00e7\u00f5es Sexualmente Transmiss\u00edveis (ISTs). Institu\u00edda pela Lei n\u00ba 13.504\/2017, essa campanha busca promover a preven\u00e7\u00e3o, o diagn\u00f3stico precoce e a assist\u00eancia integral \u00e0s pessoas afetadas por essas condi\u00e7\u00f5es, al\u00e9m de garantir a prote\u00e7\u00e3o de seus direitos.<\/p>\n\n\n\n<h3 class=\"wp-block-heading\">O que \u00e9 o Dezembro Vermelho?<\/h3>\n\n\n\n<p>O <strong>Dezembro Vermelho<\/strong> \u00e9 uma campanha nacional que promove a\u00e7\u00f5es educativas e de sensibiliza\u00e7\u00e3o sobre a import\u00e2ncia da preven\u00e7\u00e3o do HIV, do diagn\u00f3stico precoce e do tratamento das ISTs. Durante este m\u00eas, diversas atividades s\u00e3o realizadas em todo o pa\u00eds, com destaque para:<\/p>\n\n\n\n<ul class=\"wp-block-list\">\n<li><strong>Ilumina\u00e7\u00e3o de pr\u00e9dios p\u00fablicos<\/strong> com luzes vermelhas.<\/li>\n\n\n\n<li><strong>Palestras e atividades educativas<\/strong> sobre sa\u00fade sexual.<\/li>\n\n\n\n<li><strong>Veicula\u00e7\u00e3o de campanhas de m\u00eddia<\/strong> para refor\u00e7ar a import\u00e2ncia da prote\u00e7\u00e3o e preven\u00e7\u00e3o.<\/li>\n\n\n\n<li><strong>Eventos e mobiliza\u00e7\u00f5es<\/strong> em parceria com a sociedade civil e \u00f3rg\u00e3os internacionais.<\/li>\n<\/ul>\n\n\n\n<h3 class=\"wp-block-heading\">O que \u00e9 o HIV e a Aids?<\/h3>\n\n\n\n<p>O <strong>HIV (V\u00edrus da Imunodefici\u00eancia Humana)<\/strong> \u00e9 o v\u00edrus respons\u00e1vel pela <strong>Aids<\/strong> (S\u00edndrome da Imunodefici\u00eancia Adquirida), que enfraquece o sistema imunol\u00f3gico, tornando o corpo vulner\u00e1vel a v\u00e1rias infec\u00e7\u00f5es e doen\u00e7as. A infec\u00e7\u00e3o pelo HIV pode ser controlada com o uso de medicamentos antirretrovirais, permitindo que as pessoas com HIV vivam de forma saud\u00e1vel e sem desenvolver a Aids.<\/p>\n\n\n\n<h3 class=\"wp-block-heading\">Como o HIV \u00e9 Transmitido?<\/h3>\n\n\n\n<p>O HIV \u00e9 transmitido principalmente atrav\u00e9s de:<\/p>\n\n\n\n<ul class=\"wp-block-list\">\n<li><strong>Rela\u00e7\u00f5es sexuais desprotegidas<\/strong> com uma pessoa soropositiva (sem o uso de preservativo).<\/li>\n\n\n\n<li><strong>Compartilhamento de seringas<\/strong> ou objetos cortantes contaminados.<\/li>\n\n\n\n<li><strong>Transmiss\u00e3o vertical<\/strong>, ou seja, de m\u00e3e para filho durante a gravidez, parto ou amamenta\u00e7\u00e3o.<\/li>\n<\/ul>\n\n\n\n<p>A forma mais eficaz de preven\u00e7\u00e3o \u00e9 o uso de <strong>preservativos<\/strong> (masculino ou feminino) em todas as rela\u00e7\u00f5es sexuais.<\/p>\n\n\n\n<h3 class=\"wp-block-heading\">ISTs: O que s\u00e3o e como se prevenir?<\/h3>\n\n\n\n<p>As <strong>Infec\u00e7\u00f5es Sexualmente Transmiss\u00edveis (ISTs)<\/strong> s\u00e3o causadas por bact\u00e9rias, v\u00edrus ou parasitas, e s\u00e3o transmitidas principalmente por meio de rela\u00e7\u00f5es sexuais desprotegidas. Algumas das ISTs mais comuns incluem:<\/p>\n\n\n\n<ul class=\"wp-block-list\">\n<li><strong>Herpes genital<\/strong><\/li>\n\n\n\n<li><strong>HPV (Papilomav\u00edrus Humano)<\/strong>, que pode causar c\u00e2ncer<\/li>\n\n\n\n<li><strong>S\u00edfilis<\/strong><\/li>\n\n\n\n<li><strong>Gonorreia<\/strong><\/li>\n\n\n\n<li><strong>Clam\u00eddia<\/strong><\/li>\n\n\n\n<li><strong>Tricomon\u00edase<\/strong><\/li>\n<\/ul>\n\n\n\n<p>Muitas ISTs podem n\u00e3o apresentar sintomas imediatos, por isso a testagem regular e o uso de preservativo s\u00e3o fundamentais para a preven\u00e7\u00e3o.<\/p>\n\n\n\n<h3 class=\"wp-block-heading\">Como Prevenir o HIV e as ISTs?<\/h3>\n\n\n\n<p>Al\u00e9m do uso do <strong>preservativo<\/strong>, algumas outras formas de preven\u00e7\u00e3o incluem:<\/p>\n\n\n\n<ul class=\"wp-block-list\">\n<li><strong>Testes regulares<\/strong> para HIV, s\u00edfilis e hepatites virais.<\/li>\n\n\n\n<li><strong>Profilaxia p\u00f3s-exposi\u00e7\u00e3o (PEP)<\/strong>, que deve ser iniciada rapidamente ap\u00f3s poss\u00edvel exposi\u00e7\u00e3o ao HIV.<\/li>\n\n\n\n<li><strong>Imuniza\u00e7\u00e3o<\/strong> contra hepatite B e HPV, que podem ser prevenidas por vacinas.<\/li>\n\n\n\n<li><strong>Profilaxia pr\u00e9-exposi\u00e7\u00e3o (PrEP)<\/strong>, especialmente indicada para pessoas com risco elevado de contrair o HIV.<\/li>\n<\/ul>\n\n\n\n<h3 class=\"wp-block-heading\">A Import\u00e2ncia do Diagn\u00f3stico Precoce<\/h3>\n\n\n\n<p>Fazer o <strong>teste para HIV<\/strong> \u00e9 essencial, pois a infec\u00e7\u00e3o pode ser assintom\u00e1tica por anos. O diagn\u00f3stico precoce possibilita o in\u00edcio imediato do tratamento com antirretrovirais, que impede a multiplica\u00e7\u00e3o do HIV e protege o sistema imunol\u00f3gico.<\/p>\n\n\n\n<p>No Brasil, os <strong>testes para HIV, s\u00edfilis e hepatites virais<\/strong> s\u00e3o oferecidos de forma gratuita e confidencial no Sistema \u00danico de Sa\u00fade (SUS), al\u00e9m de estarem dispon\u00edveis em cl\u00ednicas de sa\u00fade e centros de testagem e aconselhamento.<\/p>\n\n\n\n<h3 class=\"wp-block-heading\">O que fazer se voc\u00ea for diagnosticado com HIV ou uma IST?<\/h3>\n\n\n\n<p>Se o diagn\u00f3stico for positivo para o HIV ou qualquer IST, \u00e9 importante procurar o tratamento o quanto antes. O tratamento com <strong>antirretrovirais (ARVs)<\/strong> pode controlar o HIV e permitir uma vida normal e saud\u00e1vel, al\u00e9m de reduzir o risco de transmiss\u00e3o. Para ISTs bacterianas, o tratamento \u00e9 geralmente feito com antibi\u00f3ticos, e algumas infec\u00e7\u00f5es virais podem ser tratadas com antivirais.<\/p>\n\n\n\n<h3 class=\"wp-block-heading\">Como voc\u00ea pode ajudar?<\/h3>\n\n\n\n<p>Durante o <strong>Dezembro Vermelho<\/strong>, participe das atividades locais, compartilhe informa\u00e7\u00f5es sobre preven\u00e7\u00e3o, proteja-se e incentive outras pessoas a fazerem o teste. A solidariedade e o respeito pelas pessoas afetadas pelo HIV e pelas ISTs s\u00e3o fundamentais para construir uma sociedade mais inclusiva e informada.<\/p>\n\n\n\n<p><strong>Vamos juntos combater o HIV, Aids e as ISTs, promover a preven\u00e7\u00e3o e garantir a qualidade de vida para todos!<\/strong><\/p>\n\n\n\n<p>Se voc\u00ea tem d\u00favidas ou quer saber mais sobre os servi\u00e7os de sa\u00fade dispon\u00edveis, procure o <strong>SUS<\/strong> ou entre em contato com centros especializados em sa\u00fade sexual.<\/p>\n\n\n\n<p><\/p>\n\n\n\n<p><strong>Fontes:<\/strong> UpToDate\/Minist\u00e9rio da Sa\u00fade A-Z<\/p>\n","protected":false},"excerpt":{"rendered":"<p>O m\u00eas de Dezembro Vermelho \u00e9 uma data importante no calend\u00e1rio nacional, dedicada \u00e0 mobiliza\u00e7\u00e3o e conscientiza\u00e7\u00e3o sobre a luta contra o HIV\/Aids e outras Infec\u00e7\u00f5es Sexualmente Transmiss\u00edveis (ISTs). Institu\u00edda pela Lei n\u00ba 13.504\/2017, essa campanha busca promover a preven\u00e7\u00e3o, o diagn\u00f3stico precoce e a assist\u00eancia integral \u00e0s pessoas afetadas por essas condi\u00e7\u00f5es, al\u00e9m de [&hellip;]<\/p>\n","protected":false},"author":11,"featured_media":0,"comment_status":"open","ping_status":"open","sticky":false,"template":"","format":"standard","meta":{"_acf_changed":false,"footnotes":""},"categories":[1],"tags":[4,13,14,15,6,3],"class_list":["post-354","post","type-post","status-publish","format-standard","hentry","category-sem-categoria","tag-ccs","tag-hiv-aids","tag-ist","tag-medicina","tag-prevencao","tag-saude"],"acf":[],"_links":{"self":[{"href":"https:\/\/graduacao.uel.br\/medicina\/wp-json\/wp\/v2\/posts\/354","targetHints":{"allow":["GET"]}}],"collection":[{"href":"https:\/\/graduacao.uel.br\/medicina\/wp-json\/wp\/v2\/posts"}],"about":[{"href":"https:\/\/graduacao.uel.br\/medicina\/wp-json\/wp\/v2\/types\/post"}],"author":[{"embeddable":true,"href":"https:\/\/graduacao.uel.br\/medicina\/wp-json\/wp\/v2\/users\/11"}],"replies":[{"embeddable":true,"href":"https:\/\/graduacao.uel.br\/medicina\/wp-json\/wp\/v2\/comments?post=354"}],"version-history":[{"count":1,"href":"https:\/\/graduacao.uel.br\/medicina\/wp-json\/wp\/v2\/posts\/354\/revisions"}],"predecessor-version":[{"id":356,"href":"https:\/\/graduacao.uel.br\/medicina\/wp-json\/wp\/v2\/posts\/354\/revisions\/356"}],"wp:attachment":[{"href":"https:\/\/graduacao.uel.br\/medicina\/wp-json\/wp\/v2\/media?parent=354"}],"wp:term":[{"taxonomy":"category","embeddable":true,"href":"https:\/\/graduacao.uel.br\/medicina\/wp-json\/wp\/v2\/categories?post=354"},{"taxonomy":"post_tag","embeddable":true,"href":"https:\/\/graduacao.uel.br\/medicina\/wp-json\/wp\/v2\/tags?post=354"}],"curies":[{"name":"wp","href":"https:\/\/api.w.org\/{rel}","templated":true}]}}